{"id":33,"date":"2023-08-16T07:58:00","date_gmt":"2023-08-16T07:58:00","guid":{"rendered":"https:\/\/fliegerfreunde-westerwald.de\/?p=33"},"modified":"2023-08-23T13:57:55","modified_gmt":"2023-08-23T13:57:55","slug":"regelungen-fuer-motorschirme-am-flugplatz-eudenbach","status":"publish","type":"post","link":"https:\/\/fliegerfreunde-westerwald.de\/?p=33","title":{"rendered":"Regelungen f\u00fcr Motorschirme am Flugplatz Eudenbach"},"content":{"rendered":"\n<p><\/p>\n\n\n\n<p>Um unn\u00f6tige L\u00e4rmbel\u00e4stigungen\/-beschwerden sowie Gefahrensituationen zu vermeiden sind folgende Regeln f\u00fcr den Motorschirmbetrieb am Flugplatz Eudenbach einzuhalten:<\/p>\n\n\n\n<!--more-->\n\n\n\n<h1 class=\"wp-block-heading\">1.&nbsp;&nbsp;&nbsp;&nbsp; Flugfunk<\/h1>\n\n\n\n<p>Alle Motorschirmstarts sind bei Eudenbach Info 118.425 MHz anzumelden (z.B. \u201eEudenbach Radio, Motorschirm D-Mxxx m\u00f6chte in 5 min auf Taxiway vor BfL-H\u00e4uschen Richtung NO starten\u201c).<\/p>\n\n\n\n<p>Gemeldet werden sollten au\u00dferdem<\/p>\n\n\n\n<ul>\n<li>Beginn des Startlaufs<ul><li>\u00dcberflug der Motorbahn oder Segelschleppstrecke<\/li><\/ul><ul><li>Kreuzen der Segelflug bzw. UL Platzrunden<\/li><\/ul><ul><li>Landeabsicht (ca. 5 min vorher)<\/li><\/ul>\n<ul>\n<li>Beabsichtigte Landestelle und \u2013richtung, sofern anderer Verkehr am Platz stattfindet.<\/li>\n<\/ul>\n<\/li>\n<\/ul>\n\n\n\n<p>Ist Eudenbach Radio nicht besetzt, sollten die Meldungen als Blindmeldungen abgesetzt werden. In Platzn\u00e4he ist H\u00f6rbereitschaft aufrecht zu erhalten.<\/p>\n\n\n\n<h1 class=\"wp-block-heading\">2.&nbsp;&nbsp;&nbsp;&nbsp; Startbereich<\/h1>\n\n\n\n<p>Motorschirme starten im s\u00fcdlichen Platzbereich (gedachte Grenzlinie mittig zwischen Schleppstrecke und Motorbahn) und fliegen sobald die Mindesth\u00f6he f\u00fcr sicheres Kurven erreicht ist in den Aufdrehbereich s\u00fcdlich der Motorbahn und westlich der L272.<\/p>\n\n\n\n<p>Der Start darf grunds\u00e4tzlich gegen den Wind ausgerichtet erfolgen, ein Betreten\/Befahren der Naturschutzfl\u00e4chen ist jedoch zu unterlassen (also: f\u00fcr die jeweiligen Windverh\u00e4ltnisse passendes Taxiway oder Motorbahnst\u00fcck w\u00e4hlen).<\/p>\n\n\n\n<figure class=\"wp-block-image size-large\"><img decoding=\"async\" loading=\"lazy\" width=\"1024\" height=\"683\" src=\"https:\/\/fliegerfreunde-westerwald.de\/wp-content\/uploads\/2023\/08\/Moschianweisung-1-1024x683.jpg\" alt=\"\" class=\"wp-image-10\" srcset=\"https:\/\/fliegerfreunde-westerwald.de\/wp-content\/uploads\/2023\/08\/Moschianweisung-1-1024x683.jpg 1024w, https:\/\/fliegerfreunde-westerwald.de\/wp-content\/uploads\/2023\/08\/Moschianweisung-1-300x200.jpg 300w, https:\/\/fliegerfreunde-westerwald.de\/wp-content\/uploads\/2023\/08\/Moschianweisung-1-768x512.jpg 768w, https:\/\/fliegerfreunde-westerwald.de\/wp-content\/uploads\/2023\/08\/Moschianweisung-1-1536x1024.jpg 1536w, https:\/\/fliegerfreunde-westerwald.de\/wp-content\/uploads\/2023\/08\/Moschianweisung-1-2048x1366.jpg 2048w\" sizes=\"(max-width: 1024px) 100vw, 1024px\" \/><\/figure>\n\n\n\n<h1 class=\"wp-block-heading\">3.&nbsp;&nbsp;&nbsp;&nbsp; Aufdrehen und Abflug<\/h1>\n\n\n\n<p>Im Aufdrehbereich (siehe Abbildung) ist (wann immer es flugbetrieblich m\u00f6glich ist) auf 300m GND aufzudrehen, bevor der Abflug erfolgt. Der Abflug erfolgt in westliche Richtung bis der Platzbereich verlassen ist.<\/p>\n\n\n\n<p>Es ist unbedingt der \u00dcberflug von BW-Depot, Modellflugplatz und der \u00f6stlich gelegenen Ortschaften Germscheid, Mu\u00df und Diepseifen zu unterlassen.<\/p>\n\n\n\n<h1 class=\"wp-block-heading\">4.&nbsp;&nbsp;&nbsp;&nbsp; Landeanflug<\/h1>\n\n\n\n<p>Der Anflug sollte grunds\u00e4tzlich in 300m GND aus westlicher Richtung erfolgen. H\u00f6he nach M\u00f6glichkeit erst direkt \u00fcber dem Platz abbauen, damit hinreichende H\u00f6henstaffelung zur UL Platzrunde gew\u00e4hrleistet ist (und hilft au\u00dferdem den Adrenalinpegel niedrig zu halten wenn der Sprit im letzten Moment \u00fcber dem Wald ausgeht).<\/p>\n\n\n\n<h1 class=\"wp-block-heading\">5.&nbsp;&nbsp;&nbsp;&nbsp; Platznutzungszeiten<\/h1>\n\n\n\n<p>Die Platznutzung ist zwischen SR und SS (Achtung: ohne 30min Zuschl\u00e4ge!) m\u00f6glich.<\/p>\n\n\n\n<h1 class=\"wp-block-heading\">6.&nbsp;&nbsp;&nbsp;&nbsp; Flugdokumentation<\/h1>\n\n\n\n<p>Alle Fl\u00fcge sind im Flugbuch im BfL-H\u00e4uschen einzutragen (Name, Kennzeichen, Start- und Landezeiten in UTC).<\/p>\n\n\n\n<p>Das pers\u00f6nliche Vorhalten von GPS-Logs der Fl\u00fcge kann im Falle von L\u00e4rmbeschwerden n\u00fctzlich sein, wird aber nicht gefordert, da rechtlich ohne Beweiskraft.<\/p>\n\n\n\n<h1 class=\"wp-block-heading\">7.&nbsp;&nbsp;&nbsp;&nbsp; Befahren des Flugplatzgel\u00e4ndes mit KfZ<\/h1>\n\n\n\n<p>Das Flugplatzgel\u00e4nde darf zu flugbetrieblichen Zwecken (also Aus- und Einladen des Flugger\u00e4ts) mit dem KfZ befahren werden. Die Fahrspuren sind jedoch nicht zu verlassen. Parken der KfZ nur au\u00dferhalb des Flugplatzgel\u00e4ndes.<\/p>\n\n\n\n<h1 class=\"wp-block-heading\">8.&nbsp;&nbsp;&nbsp;&nbsp; Kennzeichnung der Motorschirme<\/h1>\n\n\n\n<p>Die am Platz verwendeten Motorschirme sind mit der dem Motor zugeteilten Kennung gem\u00e4\u00df dem Wortlaut von \u00a719 LuftVZO zu kennzeichnen. Insbesondere bedeutet dies<\/p>\n\n\n\n<ul>\n<li>Buchstabengr\u00f6\u00dfe der Kennzeichnung: 50cm*30cm<\/li>\n\n\n\n<li>Farbe schwarz (bei hellen Hintergrund), bzw. Wei\u00df (bei dunklem Hintergrund)<\/li>\n\n\n\n<li>auf (in Flugrichtung gesehen) linker Schirmh\u00e4lfte, quer zur Flugrichtung (siehe Skizze)<\/li>\n<\/ul>\n\n\n\n<figure class=\"wp-block-image size-large\"><img decoding=\"async\" loading=\"lazy\" width=\"1024\" height=\"341\" src=\"https:\/\/fliegerfreunde-westerwald.de\/wp-content\/uploads\/2023\/08\/Moschi-Nummer-1024x341.jpg\" alt=\"\" class=\"wp-image-7\" srcset=\"https:\/\/fliegerfreunde-westerwald.de\/wp-content\/uploads\/2023\/08\/Moschi-Nummer-1024x341.jpg 1024w, https:\/\/fliegerfreunde-westerwald.de\/wp-content\/uploads\/2023\/08\/Moschi-Nummer-300x100.jpg 300w, https:\/\/fliegerfreunde-westerwald.de\/wp-content\/uploads\/2023\/08\/Moschi-Nummer-768x256.jpg 768w, https:\/\/fliegerfreunde-westerwald.de\/wp-content\/uploads\/2023\/08\/Moschi-Nummer-1536x511.jpg 1536w, https:\/\/fliegerfreunde-westerwald.de\/wp-content\/uploads\/2023\/08\/Moschi-Nummer-2048x682.jpg 2048w\" sizes=\"(max-width: 1024px) 100vw, 1024px\" \/><\/figure>\n\n\n\n<p><em>Hinweis: die in der LuftVZO gemachte generelle Ausnahme leichter Luftsportger\u00e4te aus der Zulassungs- und Kennzeichnungspflicht ist hiermit durch die individuelle Anordnung des Platzbetreibers \u201aIG Eudenbach\u2019 ersetzt. Die Referenz auf \u00a719 LuftVZO ist als Textreferenz zu interpretieren.<\/em><\/p>\n\n\n\n<p><em>Blick von unten (= Situation beim Einkleben der Kennbuchstaben): die Schrift ist von unten gesehen rechts (das ist die linke Fl\u00fcgelseite), von innen nach au\u00dfen laufend anzubringen<\/em><\/p>\n","protected":false},"excerpt":{"rendered":"<p>Um unn\u00f6tige L\u00e4rmbel\u00e4stigungen\/-beschwerden sowie Gefahrensituationen zu vermeiden sind folgende Regeln f\u00fcr den Motorschirmbetrieb am Flugplatz Eudenbach einzuhalten:<\/p>\n","protected":false},"author":1,"featured_media":10,"comment_status":"closed","ping_status":"closed","sticky":true,"template":"","format":"image","meta":{"footnotes":""},"categories":[4],"tags":[],"_links":{"self":[{"href":"https:\/\/fliegerfreunde-westerwald.de\/index.php?rest_route=\/wp\/v2\/posts\/33"}],"collection":[{"href":"https:\/\/fliegerfreunde-westerwald.de\/index.php?rest_route=\/wp\/v2\/posts"}],"about":[{"href":"https:\/\/fliegerfreunde-westerwald.de\/index.php?rest_route=\/wp\/v2\/types\/post"}],"author":[{"embeddable":true,"href":"https:\/\/fliegerfreunde-westerwald.de\/index.php?rest_route=\/wp\/v2\/users\/1"}],"replies":[{"embeddable":true,"href":"https:\/\/fliegerfreunde-westerwald.de\/index.php?rest_route=%2Fwp%2Fv2%2Fcomments&post=33"}],"version-history":[{"count":5,"href":"https:\/\/fliegerfreunde-westerwald.de\/index.php?rest_route=\/wp\/v2\/posts\/33\/revisions"}],"predecessor-version":[{"id":336,"href":"https:\/\/fliegerfreunde-westerwald.de\/index.php?rest_route=\/wp\/v2\/posts\/33\/revisions\/336"}],"wp:featuredmedia":[{"embeddable":true,"href":"https:\/\/fliegerfreunde-westerwald.de\/index.php?rest_route=\/wp\/v2\/media\/10"}],"wp:attachment":[{"href":"https:\/\/fliegerfreunde-westerwald.de\/index.php?rest_route=%2Fwp%2Fv2%2Fmedia&parent=33"}],"wp:term":[{"taxonomy":"category","embeddable":true,"href":"https:\/\/fliegerfreunde-westerwald.de\/index.php?rest_route=%2Fwp%2Fv2%2Fcategories&post=33"},{"taxonomy":"post_tag","embeddable":true,"href":"https:\/\/fliegerfreunde-westerwald.de\/index.php?rest_route=%2Fwp%2Fv2%2Ftags&post=33"}],"curies":[{"name":"wp","href":"https:\/\/api.w.org\/{rel}","templated":true}]}}