{"id":331,"date":"2023-08-12T09:57:20","date_gmt":"2023-08-12T09:57:20","guid":{"rendered":"https:\/\/fliegerfreunde-westerwald.de\/?p=331"},"modified":"2024-06-14T17:04:37","modified_gmt":"2024-06-14T17:04:37","slug":"11-flugplatzfest-in-eudenbach","status":"publish","type":"post","link":"https:\/\/fliegerfreunde-westerwald.de\/?p=331","title":{"rendered":"Flugplatzfest in Eudenbach 2019"},"content":{"rendered":"\n<p>Der Flugplatz Eudenbach \u00f6ffnete am 29. und 30. Juni 2019 wieder seine Tore f\u00fcr ein buntes Flugplatzfest, das Jung und Alt gleicherma\u00dfen begeisterte.<\/p>\n\n\n\n<!--more-->\n\n\n\n<div class=\"wp-block-columns is-layout-flex wp-container-3 wp-block-columns-is-layout-flex\">\n<div class=\"wp-block-column is-layout-flow wp-block-column-is-layout-flow\">\n<figure class=\"wp-block-image size-large\"><img decoding=\"async\" loading=\"lazy\" width=\"730\" height=\"1024\" src=\"https:\/\/fliegerfreunde-westerwald.de\/wp-content\/uploads\/2023\/08\/Plakat2019-1-730x1024.jpg\" alt=\"\" class=\"wp-image-308\" srcset=\"https:\/\/fliegerfreunde-westerwald.de\/wp-content\/uploads\/2023\/08\/Plakat2019-1-730x1024.jpg 730w, https:\/\/fliegerfreunde-westerwald.de\/wp-content\/uploads\/2023\/08\/Plakat2019-1-214x300.jpg 214w, https:\/\/fliegerfreunde-westerwald.de\/wp-content\/uploads\/2023\/08\/Plakat2019-1-768x1078.jpg 768w, https:\/\/fliegerfreunde-westerwald.de\/wp-content\/uploads\/2023\/08\/Plakat2019-1-1095x1536.jpg 1095w, https:\/\/fliegerfreunde-westerwald.de\/wp-content\/uploads\/2023\/08\/Plakat2019-1-1460x2048.jpg 1460w, https:\/\/fliegerfreunde-westerwald.de\/wp-content\/uploads\/2023\/08\/Plakat2019-1-scaled.jpg 1825w\" sizes=\"(max-width: 730px) 100vw, 730px\" \/><\/figure>\n<\/div>\n\n\n\n<div class=\"wp-block-column is-layout-flow wp-block-column-is-layout-flow\">\n<figure class=\"wp-block-image size-large\"><img decoding=\"async\" loading=\"lazy\" width=\"1024\" height=\"576\" src=\"https:\/\/fliegerfreunde-westerwald.de\/wp-content\/uploads\/2023\/08\/vlcsnap-2023-08-23-11h04m09s574-1024x576.png\" alt=\"\" class=\"wp-image-310\" srcset=\"https:\/\/fliegerfreunde-westerwald.de\/wp-content\/uploads\/2023\/08\/vlcsnap-2023-08-23-11h04m09s574-1024x576.png 1024w, https:\/\/fliegerfreunde-westerwald.de\/wp-content\/uploads\/2023\/08\/vlcsnap-2023-08-23-11h04m09s574-300x169.png 300w, https:\/\/fliegerfreunde-westerwald.de\/wp-content\/uploads\/2023\/08\/vlcsnap-2023-08-23-11h04m09s574-768x432.png 768w, https:\/\/fliegerfreunde-westerwald.de\/wp-content\/uploads\/2023\/08\/vlcsnap-2023-08-23-11h04m09s574-1536x864.png 1536w, https:\/\/fliegerfreunde-westerwald.de\/wp-content\/uploads\/2023\/08\/vlcsnap-2023-08-23-11h04m09s574.png 1920w\" sizes=\"(max-width: 1024px) 100vw, 1024px\" \/><\/figure>\n\n\n\n<figure class=\"wp-block-image size-large\"><img decoding=\"async\" loading=\"lazy\" width=\"1024\" height=\"576\" src=\"https:\/\/fliegerfreunde-westerwald.de\/wp-content\/uploads\/2023\/08\/vlcsnap-2023-08-23-11h04m18s526-1024x576.png\" alt=\"\" class=\"wp-image-309\" srcset=\"https:\/\/fliegerfreunde-westerwald.de\/wp-content\/uploads\/2023\/08\/vlcsnap-2023-08-23-11h04m18s526-1024x576.png 1024w, https:\/\/fliegerfreunde-westerwald.de\/wp-content\/uploads\/2023\/08\/vlcsnap-2023-08-23-11h04m18s526-300x169.png 300w, https:\/\/fliegerfreunde-westerwald.de\/wp-content\/uploads\/2023\/08\/vlcsnap-2023-08-23-11h04m18s526-768x432.png 768w, https:\/\/fliegerfreunde-westerwald.de\/wp-content\/uploads\/2023\/08\/vlcsnap-2023-08-23-11h04m18s526-1536x864.png 1536w, https:\/\/fliegerfreunde-westerwald.de\/wp-content\/uploads\/2023\/08\/vlcsnap-2023-08-23-11h04m18s526.png 1920w\" sizes=\"(max-width: 1024px) 100vw, 1024px\" \/><\/figure>\n<\/div>\n<\/div>\n\n\n\n<p>Unter strahlend blauem Himmel konnten die Besucher eine eindrucksvolle Palette an Flugvorf\u00fchrungen bestaunen. Die Segelflieger zeigten ihre Kunst, indem sie elegant und ger\u00e4uschlos durch die L\u00fcfte glitten. Die Motorflieger f\u00fcllten die Luft mit dem charakteristischen Brummen von Verbrennungsmotoren. F\u00fcr diejenigen, die schon immer davon getr\u00e4umt hatten, die Welt aus der Vogelperspektive zu betrachten, bot das Flugplatzfest Rundfl\u00fcge an. Besucher konnten an Bord von kleinen Flugzeugen die Umgebung aus luftiger H\u00f6he erkunden. Die erfahrenen Piloten sorgten daf\u00fcr, dass dieser Ausflug zu einem unvergesslichen Erlebnis wurde.<\/p>\n\n\n\n<p>Die Modellflieger zeigten ihr Geschick, indem sie detailgetreue Nachbildungen von Flugzeugen in die Luft steigen lie\u00dfen. Diese filigranen Flugzeuge f\u00fchrten pr\u00e4zise Man\u00f6ver vor und begeisterten die Besucher mit ihrer Kunstfertigkeit. Eine beeindruckende Flugzeugausstellung gab den Besuchern die Gelegenheit, historische Flugzeuge sowie moderne Technologien aus n\u00e4chster N\u00e4he zu betrachten.<\/p>\n\n\n\n<p>W\u00e4hrend die Zuschauer die beeindruckenden Flugvorf\u00fchrungen genossen, konnten sie sich an Kaffee und Kuchen laben oder sich an k\u00f6stlich Gegrilltem st\u00e4rken. Die Veranstalter hatten an das leibliche Wohl gedacht und sorgten daf\u00fcr, dass niemand hungrig blieb.<\/p>\n\n\n\n<p>Das Flugplatzfest in Eudenbach war ein wahrhaft buntes Spektakel. Neben den atemberaubenden Flugvorf\u00fchrungen gab es ein abwechslungsreiches Programm f\u00fcr Kinder und Erwachsene gleicherma\u00dfen. Die j\u00fcngsten Besucher konnten sich auf ein spezielles Kinderprogramm freuen, das Spa\u00df und Unterhaltung garantierte. Der kr\u00f6nende Abschluss des Tages war zweifellos die Livemusik der &#8222;Dorky Dogs&#8220;.<\/p>\n\n\n\n<p>Das Flugplatzfest in Eudenbach wird mit einer Mischung aus Flugvorf\u00fchrungen, Ausstellungen, kulinarischen Gen\u00fcssen und Unterhaltung f\u00fcr die ganze Familie in Erinnerung bleiben. Die Begeisterung f\u00fcr die Luftfahrt und die bunte Atmosph\u00e4re machten das Fest zu einem Ereignis, das die Besucher noch lange in ihren Herzen tragen werden.<\/p>\n\n\n\n<figure class=\"wp-block-gallery has-nested-images columns-default is-cropped wp-block-gallery-4 is-layout-flex wp-block-gallery-is-layout-flex\">\n<figure class=\"wp-block-image size-large\"><a href=\"https:\/\/www.youtube.com\/watch?v=xDjMcZn6A38\"><img decoding=\"async\" loading=\"lazy\" width=\"1024\" height=\"576\" data-id=\"365\" src=\"https:\/\/fliegerfreunde-westerwald.de\/wp-content\/uploads\/2023\/08\/Eudenbach-1-1024x576.jpg\" alt=\"\" class=\"wp-image-365\" srcset=\"https:\/\/fliegerfreunde-westerwald.de\/wp-content\/uploads\/2023\/08\/Eudenbach-1-1024x576.jpg 1024w, https:\/\/fliegerfreunde-westerwald.de\/wp-content\/uploads\/2023\/08\/Eudenbach-1-300x169.jpg 300w, https:\/\/fliegerfreunde-westerwald.de\/wp-content\/uploads\/2023\/08\/Eudenbach-1-768x432.jpg 768w, https:\/\/fliegerfreunde-westerwald.de\/wp-content\/uploads\/2023\/08\/Eudenbach-1-1536x864.jpg 1536w, https:\/\/fliegerfreunde-westerwald.de\/wp-content\/uploads\/2023\/08\/Eudenbach-1-2048x1152.jpg 2048w\" sizes=\"(max-width: 1024px) 100vw, 1024px\" \/><\/a><\/figure>\n\n\n\n<figure class=\"wp-block-image size-large\"><a href=\"https:\/\/www.youtube.com\/watch?v=ZYXRMWWoth0\"><img decoding=\"async\" loading=\"lazy\" width=\"1024\" height=\"576\" data-id=\"364\" src=\"https:\/\/fliegerfreunde-westerwald.de\/wp-content\/uploads\/2023\/08\/Gummiseilstart-SG-38-1024x576.jpg\" alt=\"\" class=\"wp-image-364\" srcset=\"https:\/\/fliegerfreunde-westerwald.de\/wp-content\/uploads\/2023\/08\/Gummiseilstart-SG-38-1024x576.jpg 1024w, https:\/\/fliegerfreunde-westerwald.de\/wp-content\/uploads\/2023\/08\/Gummiseilstart-SG-38-300x169.jpg 300w, https:\/\/fliegerfreunde-westerwald.de\/wp-content\/uploads\/2023\/08\/Gummiseilstart-SG-38-768x432.jpg 768w, https:\/\/fliegerfreunde-westerwald.de\/wp-content\/uploads\/2023\/08\/Gummiseilstart-SG-38-1536x864.jpg 1536w, https:\/\/fliegerfreunde-westerwald.de\/wp-content\/uploads\/2023\/08\/Gummiseilstart-SG-38-2048x1152.jpg 2048w\" sizes=\"(max-width: 1024px) 100vw, 1024px\" \/><\/a><\/figure>\n\n\n\n<figure class=\"wp-block-image size-large\"><a href=\"https:\/\/www.youtube.com\/watch?v=XoOhfMQBXlc\"><img decoding=\"async\" loading=\"lazy\" width=\"1024\" height=\"576\" data-id=\"367\" src=\"https:\/\/fliegerfreunde-westerwald.de\/wp-content\/uploads\/2023\/08\/Segelflieger-1024x576.jpg\" alt=\"\" class=\"wp-image-367\" srcset=\"https:\/\/fliegerfreunde-westerwald.de\/wp-content\/uploads\/2023\/08\/Segelflieger-1024x576.jpg 1024w, https:\/\/fliegerfreunde-westerwald.de\/wp-content\/uploads\/2023\/08\/Segelflieger-300x169.jpg 300w, https:\/\/fliegerfreunde-westerwald.de\/wp-content\/uploads\/2023\/08\/Segelflieger-768x432.jpg 768w, https:\/\/fliegerfreunde-westerwald.de\/wp-content\/uploads\/2023\/08\/Segelflieger-1536x864.jpg 1536w, https:\/\/fliegerfreunde-westerwald.de\/wp-content\/uploads\/2023\/08\/Segelflieger-2048x1152.jpg 2048w\" sizes=\"(max-width: 1024px) 100vw, 1024px\" \/><\/a><\/figure>\n\n\n\n<figure class=\"wp-block-image size-large\"><a href=\"https:\/\/www.youtube.com\/watch?v=uYRi4bo9jmM\"><img decoding=\"async\" loading=\"lazy\" width=\"1024\" height=\"576\" data-id=\"368\" src=\"https:\/\/fliegerfreunde-westerwald.de\/wp-content\/uploads\/2023\/08\/Fieseler-Storch-1024x576.jpg\" alt=\"\" class=\"wp-image-368\" srcset=\"https:\/\/fliegerfreunde-westerwald.de\/wp-content\/uploads\/2023\/08\/Fieseler-Storch-1024x576.jpg 1024w, https:\/\/fliegerfreunde-westerwald.de\/wp-content\/uploads\/2023\/08\/Fieseler-Storch-300x169.jpg 300w, https:\/\/fliegerfreunde-westerwald.de\/wp-content\/uploads\/2023\/08\/Fieseler-Storch-768x432.jpg 768w, https:\/\/fliegerfreunde-westerwald.de\/wp-content\/uploads\/2023\/08\/Fieseler-Storch-1536x864.jpg 1536w, https:\/\/fliegerfreunde-westerwald.de\/wp-content\/uploads\/2023\/08\/Fieseler-Storch-2048x1152.jpg 2048w\" sizes=\"(max-width: 1024px) 100vw, 1024px\" \/><\/a><\/figure>\n\n\n\n<figure class=\"wp-block-image size-large\"><a href=\"https:\/\/www.youtube.com\/watch?v=PQgCHrRdYNE\"><img decoding=\"async\" loading=\"lazy\" width=\"1024\" height=\"576\" data-id=\"369\" src=\"https:\/\/fliegerfreunde-westerwald.de\/wp-content\/uploads\/2023\/08\/Motorkunstflug-1024x576.jpg\" alt=\"\" class=\"wp-image-369\" srcset=\"https:\/\/fliegerfreunde-westerwald.de\/wp-content\/uploads\/2023\/08\/Motorkunstflug-1024x576.jpg 1024w, https:\/\/fliegerfreunde-westerwald.de\/wp-content\/uploads\/2023\/08\/Motorkunstflug-300x169.jpg 300w, https:\/\/fliegerfreunde-westerwald.de\/wp-content\/uploads\/2023\/08\/Motorkunstflug-768x432.jpg 768w, https:\/\/fliegerfreunde-westerwald.de\/wp-content\/uploads\/2023\/08\/Motorkunstflug-1536x864.jpg 1536w, https:\/\/fliegerfreunde-westerwald.de\/wp-content\/uploads\/2023\/08\/Motorkunstflug-2048x1152.jpg 2048w\" sizes=\"(max-width: 1024px) 100vw, 1024px\" \/><\/a><\/figure>\n<\/figure>\n\n\n\n<figure class=\"wp-block-gallery has-nested-images columns-default is-cropped wp-block-gallery-6 is-layout-flex wp-block-gallery-is-layout-flex\">\n<figure class=\"wp-block-image size-large\"><img decoding=\"async\" loading=\"lazy\" width=\"1024\" height=\"576\" data-id=\"327\" src=\"https:\/\/fliegerfreunde-westerwald.de\/wp-content\/uploads\/2023\/08\/vlcsnap-2023-08-23-11h04m24s781-1024x576.png\" alt=\"\" class=\"wp-image-327\" srcset=\"https:\/\/fliegerfreunde-westerwald.de\/wp-content\/uploads\/2023\/08\/vlcsnap-2023-08-23-11h04m24s781-1024x576.png 1024w, https:\/\/fliegerfreunde-westerwald.de\/wp-content\/uploads\/2023\/08\/vlcsnap-2023-08-23-11h04m24s781-300x169.png 300w, https:\/\/fliegerfreunde-westerwald.de\/wp-content\/uploads\/2023\/08\/vlcsnap-2023-08-23-11h04m24s781-768x432.png 768w, https:\/\/fliegerfreunde-westerwald.de\/wp-content\/uploads\/2023\/08\/vlcsnap-2023-08-23-11h04m24s781-1536x864.png 1536w, https:\/\/fliegerfreunde-westerwald.de\/wp-content\/uploads\/2023\/08\/vlcsnap-2023-08-23-11h04m24s781.png 1920w\" sizes=\"(max-width: 1024px) 100vw, 1024px\" \/><\/figure>\n\n\n\n<figure class=\"wp-block-image size-large\"><img decoding=\"async\" loading=\"lazy\" width=\"1024\" height=\"576\" data-id=\"326\" src=\"https:\/\/fliegerfreunde-westerwald.de\/wp-content\/uploads\/2023\/08\/vlcsnap-2023-08-23-11h03m52s698-1024x576.png\" alt=\"\" class=\"wp-image-326\" srcset=\"https:\/\/fliegerfreunde-westerwald.de\/wp-content\/uploads\/2023\/08\/vlcsnap-2023-08-23-11h03m52s698-1024x576.png 1024w, https:\/\/fliegerfreunde-westerwald.de\/wp-content\/uploads\/2023\/08\/vlcsnap-2023-08-23-11h03m52s698-300x169.png 300w, https:\/\/fliegerfreunde-westerwald.de\/wp-content\/uploads\/2023\/08\/vlcsnap-2023-08-23-11h03m52s698-768x432.png 768w, https:\/\/fliegerfreunde-westerwald.de\/wp-content\/uploads\/2023\/08\/vlcsnap-2023-08-23-11h03m52s698-1536x864.png 1536w, https:\/\/fliegerfreunde-westerwald.de\/wp-content\/uploads\/2023\/08\/vlcsnap-2023-08-23-11h03m52s698.png 1920w\" sizes=\"(max-width: 1024px) 100vw, 1024px\" \/><\/figure>\n\n\n\n<figure class=\"wp-block-image size-large\"><img decoding=\"async\" loading=\"lazy\" width=\"1024\" height=\"576\" data-id=\"325\" src=\"https:\/\/fliegerfreunde-westerwald.de\/wp-content\/uploads\/2023\/08\/vlcsnap-2023-08-23-11h03m45s107-1024x576.png\" alt=\"\" class=\"wp-image-325\" srcset=\"https:\/\/fliegerfreunde-westerwald.de\/wp-content\/uploads\/2023\/08\/vlcsnap-2023-08-23-11h03m45s107-1024x576.png 1024w, https:\/\/fliegerfreunde-westerwald.de\/wp-content\/uploads\/2023\/08\/vlcsnap-2023-08-23-11h03m45s107-300x169.png 300w, https:\/\/fliegerfreunde-westerwald.de\/wp-content\/uploads\/2023\/08\/vlcsnap-2023-08-23-11h03m45s107-768x432.png 768w, https:\/\/fliegerfreunde-westerwald.de\/wp-content\/uploads\/2023\/08\/vlcsnap-2023-08-23-11h03m45s107-1536x864.png 1536w, https:\/\/fliegerfreunde-westerwald.de\/wp-content\/uploads\/2023\/08\/vlcsnap-2023-08-23-11h03m45s107.png 1920w\" sizes=\"(max-width: 1024px) 100vw, 1024px\" \/><\/figure>\n\n\n\n<figure class=\"wp-block-image size-large\"><img decoding=\"async\" loading=\"lazy\" width=\"1024\" height=\"576\" data-id=\"324\" src=\"https:\/\/fliegerfreunde-westerwald.de\/wp-content\/uploads\/2023\/08\/vlcsnap-2023-08-23-11h03m38s157-1024x576.png\" alt=\"\" class=\"wp-image-324\" srcset=\"https:\/\/fliegerfreunde-westerwald.de\/wp-content\/uploads\/2023\/08\/vlcsnap-2023-08-23-11h03m38s157-1024x576.png 1024w, https:\/\/fliegerfreunde-westerwald.de\/wp-content\/uploads\/2023\/08\/vlcsnap-2023-08-23-11h03m38s157-300x169.png 300w, https:\/\/fliegerfreunde-westerwald.de\/wp-content\/uploads\/2023\/08\/vlcsnap-2023-08-23-11h03m38s157-768x432.png 768w, https:\/\/fliegerfreunde-westerwald.de\/wp-content\/uploads\/2023\/08\/vlcsnap-2023-08-23-11h03m38s157-1536x864.png 1536w, https:\/\/fliegerfreunde-westerwald.de\/wp-content\/uploads\/2023\/08\/vlcsnap-2023-08-23-11h03m38s157.png 1920w\" sizes=\"(max-width: 1024px) 100vw, 1024px\" \/><\/figure>\n\n\n\n<figure class=\"wp-block-image size-large\"><img decoding=\"async\" loading=\"lazy\" width=\"1024\" height=\"576\" data-id=\"323\" src=\"https:\/\/fliegerfreunde-westerwald.de\/wp-content\/uploads\/2023\/08\/vlcsnap-2023-08-23-11h03m31s164-1024x576.png\" alt=\"\" class=\"wp-image-323\" srcset=\"https:\/\/fliegerfreunde-westerwald.de\/wp-content\/uploads\/2023\/08\/vlcsnap-2023-08-23-11h03m31s164-1024x576.png 1024w, https:\/\/fliegerfreunde-westerwald.de\/wp-content\/uploads\/2023\/08\/vlcsnap-2023-08-23-11h03m31s164-300x169.png 300w, https:\/\/fliegerfreunde-westerwald.de\/wp-content\/uploads\/2023\/08\/vlcsnap-2023-08-23-11h03m31s164-768x432.png 768w, https:\/\/fliegerfreunde-westerwald.de\/wp-content\/uploads\/2023\/08\/vlcsnap-2023-08-23-11h03m31s164-1536x864.png 1536w, https:\/\/fliegerfreunde-westerwald.de\/wp-content\/uploads\/2023\/08\/vlcsnap-2023-08-23-11h03m31s164.png 1920w\" sizes=\"(max-width: 1024px) 100vw, 1024px\" \/><\/figure>\n\n\n\n<figure class=\"wp-block-image size-large\"><img decoding=\"async\" loading=\"lazy\" width=\"1024\" height=\"576\" data-id=\"322\" src=\"https:\/\/fliegerfreunde-westerwald.de\/wp-content\/uploads\/2023\/08\/vlcsnap-2023-08-23-11h03m19s279-1024x576.png\" alt=\"\" class=\"wp-image-322\" srcset=\"https:\/\/fliegerfreunde-westerwald.de\/wp-content\/uploads\/2023\/08\/vlcsnap-2023-08-23-11h03m19s279-1024x576.png 1024w, https:\/\/fliegerfreunde-westerwald.de\/wp-content\/uploads\/2023\/08\/vlcsnap-2023-08-23-11h03m19s279-300x169.png 300w, https:\/\/fliegerfreunde-westerwald.de\/wp-content\/uploads\/2023\/08\/vlcsnap-2023-08-23-11h03m19s279-768x432.png 768w, https:\/\/fliegerfreunde-westerwald.de\/wp-content\/uploads\/2023\/08\/vlcsnap-2023-08-23-11h03m19s279-1536x864.png 1536w, https:\/\/fliegerfreunde-westerwald.de\/wp-content\/uploads\/2023\/08\/vlcsnap-2023-08-23-11h03m19s279.png 1920w\" sizes=\"(max-width: 1024px) 100vw, 1024px\" \/><\/figure>\n\n\n\n<figure class=\"wp-block-image size-large\"><img decoding=\"async\" loading=\"lazy\" width=\"1024\" height=\"576\" data-id=\"321\" src=\"https:\/\/fliegerfreunde-westerwald.de\/wp-content\/uploads\/2023\/08\/vlcsnap-2023-08-23-11h03m09s461-1024x576.png\" alt=\"\" class=\"wp-image-321\" srcset=\"https:\/\/fliegerfreunde-westerwald.de\/wp-content\/uploads\/2023\/08\/vlcsnap-2023-08-23-11h03m09s461-1024x576.png 1024w, https:\/\/fliegerfreunde-westerwald.de\/wp-content\/uploads\/2023\/08\/vlcsnap-2023-08-23-11h03m09s461-300x169.png 300w, https:\/\/fliegerfreunde-westerwald.de\/wp-content\/uploads\/2023\/08\/vlcsnap-2023-08-23-11h03m09s461-768x432.png 768w, https:\/\/fliegerfreunde-westerwald.de\/wp-content\/uploads\/2023\/08\/vlcsnap-2023-08-23-11h03m09s461-1536x864.png 1536w, https:\/\/fliegerfreunde-westerwald.de\/wp-content\/uploads\/2023\/08\/vlcsnap-2023-08-23-11h03m09s461.png 1920w\" sizes=\"(max-width: 1024px) 100vw, 1024px\" \/><\/figure>\n\n\n\n<figure class=\"wp-block-image size-large\"><img decoding=\"async\" loading=\"lazy\" width=\"1024\" height=\"576\" data-id=\"320\" src=\"https:\/\/fliegerfreunde-westerwald.de\/wp-content\/uploads\/2023\/08\/vlcsnap-2023-08-23-11h04m01s107-1024x576.png\" alt=\"\" class=\"wp-image-320\" srcset=\"https:\/\/fliegerfreunde-westerwald.de\/wp-content\/uploads\/2023\/08\/vlcsnap-2023-08-23-11h04m01s107-1024x576.png 1024w, https:\/\/fliegerfreunde-westerwald.de\/wp-content\/uploads\/2023\/08\/vlcsnap-2023-08-23-11h04m01s107-300x169.png 300w, https:\/\/fliegerfreunde-westerwald.de\/wp-content\/uploads\/2023\/08\/vlcsnap-2023-08-23-11h04m01s107-768x432.png 768w, https:\/\/fliegerfreunde-westerwald.de\/wp-content\/uploads\/2023\/08\/vlcsnap-2023-08-23-11h04m01s107-1536x864.png 1536w, https:\/\/fliegerfreunde-westerwald.de\/wp-content\/uploads\/2023\/08\/vlcsnap-2023-08-23-11h04m01s107.png 1920w\" sizes=\"(max-width: 1024px) 100vw, 1024px\" \/><\/figure>\n\n\n\n<figure class=\"wp-block-image size-large\"><img decoding=\"async\" loading=\"lazy\" width=\"1024\" height=\"576\" data-id=\"319\" src=\"https:\/\/fliegerfreunde-westerwald.de\/wp-content\/uploads\/2023\/08\/vlcsnap-2023-08-23-11h02m25s236-1024x576.png\" alt=\"\" class=\"wp-image-319\" srcset=\"https:\/\/fliegerfreunde-westerwald.de\/wp-content\/uploads\/2023\/08\/vlcsnap-2023-08-23-11h02m25s236-1024x576.png 1024w, https:\/\/fliegerfreunde-westerwald.de\/wp-content\/uploads\/2023\/08\/vlcsnap-2023-08-23-11h02m25s236-300x169.png 300w, https:\/\/fliegerfreunde-westerwald.de\/wp-content\/uploads\/2023\/08\/vlcsnap-2023-08-23-11h02m25s236-768x432.png 768w, https:\/\/fliegerfreunde-westerwald.de\/wp-content\/uploads\/2023\/08\/vlcsnap-2023-08-23-11h02m25s236-1536x864.png 1536w, https:\/\/fliegerfreunde-westerwald.de\/wp-content\/uploads\/2023\/08\/vlcsnap-2023-08-23-11h02m25s236.png 1920w\" sizes=\"(max-width: 1024px) 100vw, 1024px\" \/><\/figure>\n\n\n\n<figure class=\"wp-block-image size-large\"><img decoding=\"async\" loading=\"lazy\" width=\"1024\" height=\"576\" data-id=\"318\" src=\"https:\/\/fliegerfreunde-westerwald.de\/wp-content\/uploads\/2023\/08\/vlcsnap-2023-08-23-11h02m09s111-1024x576.png\" alt=\"\" class=\"wp-image-318\" srcset=\"https:\/\/fliegerfreunde-westerwald.de\/wp-content\/uploads\/2023\/08\/vlcsnap-2023-08-23-11h02m09s111-1024x576.png 1024w, https:\/\/fliegerfreunde-westerwald.de\/wp-content\/uploads\/2023\/08\/vlcsnap-2023-08-23-11h02m09s111-300x169.png 300w, https:\/\/fliegerfreunde-westerwald.de\/wp-content\/uploads\/2023\/08\/vlcsnap-2023-08-23-11h02m09s111-768x432.png 768w, https:\/\/fliegerfreunde-westerwald.de\/wp-content\/uploads\/2023\/08\/vlcsnap-2023-08-23-11h02m09s111-1536x864.png 1536w, https:\/\/fliegerfreunde-westerwald.de\/wp-content\/uploads\/2023\/08\/vlcsnap-2023-08-23-11h02m09s111.png 1920w\" sizes=\"(max-width: 1024px) 100vw, 1024px\" \/><\/figure>\n\n\n\n<figure class=\"wp-block-image size-large\"><img decoding=\"async\" loading=\"lazy\" width=\"1024\" height=\"576\" data-id=\"317\" src=\"https:\/\/fliegerfreunde-westerwald.de\/wp-content\/uploads\/2023\/08\/vlcsnap-2023-08-23-11h01m58s598-1024x576.png\" alt=\"\" class=\"wp-image-317\" srcset=\"https:\/\/fliegerfreunde-westerwald.de\/wp-content\/uploads\/2023\/08\/vlcsnap-2023-08-23-11h01m58s598-1024x576.png 1024w, https:\/\/fliegerfreunde-westerwald.de\/wp-content\/uploads\/2023\/08\/vlcsnap-2023-08-23-11h01m58s598-300x169.png 300w, https:\/\/fliegerfreunde-westerwald.de\/wp-content\/uploads\/2023\/08\/vlcsnap-2023-08-23-11h01m58s598-768x432.png 768w, https:\/\/fliegerfreunde-westerwald.de\/wp-content\/uploads\/2023\/08\/vlcsnap-2023-08-23-11h01m58s598-1536x864.png 1536w, https:\/\/fliegerfreunde-westerwald.de\/wp-content\/uploads\/2023\/08\/vlcsnap-2023-08-23-11h01m58s598.png 1920w\" sizes=\"(max-width: 1024px) 100vw, 1024px\" \/><\/figure>\n\n\n\n<figure class=\"wp-block-image size-large\"><img decoding=\"async\" loading=\"lazy\" width=\"1024\" height=\"576\" data-id=\"316\" src=\"https:\/\/fliegerfreunde-westerwald.de\/wp-content\/uploads\/2023\/08\/vlcsnap-2023-08-23-11h01m36s259-1024x576.png\" alt=\"\" class=\"wp-image-316\" srcset=\"https:\/\/fliegerfreunde-westerwald.de\/wp-content\/uploads\/2023\/08\/vlcsnap-2023-08-23-11h01m36s259-1024x576.png 1024w, https:\/\/fliegerfreunde-westerwald.de\/wp-content\/uploads\/2023\/08\/vlcsnap-2023-08-23-11h01m36s259-300x169.png 300w, https:\/\/fliegerfreunde-westerwald.de\/wp-content\/uploads\/2023\/08\/vlcsnap-2023-08-23-11h01m36s259-768x432.png 768w, https:\/\/fliegerfreunde-westerwald.de\/wp-content\/uploads\/2023\/08\/vlcsnap-2023-08-23-11h01m36s259-1536x864.png 1536w, https:\/\/fliegerfreunde-westerwald.de\/wp-content\/uploads\/2023\/08\/vlcsnap-2023-08-23-11h01m36s259.png 1920w\" sizes=\"(max-width: 1024px) 100vw, 1024px\" \/><\/figure>\n\n\n\n<figure class=\"wp-block-image size-large\"><img decoding=\"async\" loading=\"lazy\" width=\"1024\" height=\"576\" data-id=\"315\" src=\"https:\/\/fliegerfreunde-westerwald.de\/wp-content\/uploads\/2023\/08\/vlcsnap-2023-08-23-11h02m47s661-1024x576.png\" alt=\"\" class=\"wp-image-315\" srcset=\"https:\/\/fliegerfreunde-westerwald.de\/wp-content\/uploads\/2023\/08\/vlcsnap-2023-08-23-11h02m47s661-1024x576.png 1024w, https:\/\/fliegerfreunde-westerwald.de\/wp-content\/uploads\/2023\/08\/vlcsnap-2023-08-23-11h02m47s661-300x169.png 300w, https:\/\/fliegerfreunde-westerwald.de\/wp-content\/uploads\/2023\/08\/vlcsnap-2023-08-23-11h02m47s661-768x432.png 768w, https:\/\/fliegerfreunde-westerwald.de\/wp-content\/uploads\/2023\/08\/vlcsnap-2023-08-23-11h02m47s661-1536x864.png 1536w, https:\/\/fliegerfreunde-westerwald.de\/wp-content\/uploads\/2023\/08\/vlcsnap-2023-08-23-11h02m47s661.png 1920w\" sizes=\"(max-width: 1024px) 100vw, 1024px\" \/><\/figure>\n\n\n\n<figure class=\"wp-block-image size-large\"><img decoding=\"async\" loading=\"lazy\" width=\"1024\" height=\"576\" data-id=\"314\" src=\"https:\/\/fliegerfreunde-westerwald.de\/wp-content\/uploads\/2023\/08\/vlcsnap-2023-08-23-11h02m34s371-1024x576.png\" alt=\"\" class=\"wp-image-314\" srcset=\"https:\/\/fliegerfreunde-westerwald.de\/wp-content\/uploads\/2023\/08\/vlcsnap-2023-08-23-11h02m34s371-1024x576.png 1024w, https:\/\/fliegerfreunde-westerwald.de\/wp-content\/uploads\/2023\/08\/vlcsnap-2023-08-23-11h02m34s371-300x169.png 300w, https:\/\/fliegerfreunde-westerwald.de\/wp-content\/uploads\/2023\/08\/vlcsnap-2023-08-23-11h02m34s371-768x432.png 768w, https:\/\/fliegerfreunde-westerwald.de\/wp-content\/uploads\/2023\/08\/vlcsnap-2023-08-23-11h02m34s371-1536x864.png 1536w, https:\/\/fliegerfreunde-westerwald.de\/wp-content\/uploads\/2023\/08\/vlcsnap-2023-08-23-11h02m34s371.png 1920w\" sizes=\"(max-width: 1024px) 100vw, 1024px\" \/><\/figure>\n\n\n\n<figure class=\"wp-block-image size-large\"><img decoding=\"async\" loading=\"lazy\" width=\"1024\" height=\"576\" data-id=\"313\" src=\"https:\/\/fliegerfreunde-westerwald.de\/wp-content\/uploads\/2023\/08\/vlcsnap-2023-08-17-08h39m19s657-1024x576.png\" alt=\"\" class=\"wp-image-313\" srcset=\"https:\/\/fliegerfreunde-westerwald.de\/wp-content\/uploads\/2023\/08\/vlcsnap-2023-08-17-08h39m19s657-1024x576.png 1024w, https:\/\/fliegerfreunde-westerwald.de\/wp-content\/uploads\/2023\/08\/vlcsnap-2023-08-17-08h39m19s657-300x169.png 300w, https:\/\/fliegerfreunde-westerwald.de\/wp-content\/uploads\/2023\/08\/vlcsnap-2023-08-17-08h39m19s657-768x432.png 768w, https:\/\/fliegerfreunde-westerwald.de\/wp-content\/uploads\/2023\/08\/vlcsnap-2023-08-17-08h39m19s657-1536x864.png 1536w, https:\/\/fliegerfreunde-westerwald.de\/wp-content\/uploads\/2023\/08\/vlcsnap-2023-08-17-08h39m19s657.png 1920w\" sizes=\"(max-width: 1024px) 100vw, 1024px\" \/><\/figure>\n\n\n\n<figure class=\"wp-block-image size-large\"><img decoding=\"async\" loading=\"lazy\" width=\"1024\" height=\"576\" data-id=\"312\" src=\"https:\/\/fliegerfreunde-westerwald.de\/wp-content\/uploads\/2023\/08\/vlcsnap-2023-08-17-08h39m50s796-1024x576.png\" alt=\"\" class=\"wp-image-312\" srcset=\"https:\/\/fliegerfreunde-westerwald.de\/wp-content\/uploads\/2023\/08\/vlcsnap-2023-08-17-08h39m50s796-1024x576.png 1024w, https:\/\/fliegerfreunde-westerwald.de\/wp-content\/uploads\/2023\/08\/vlcsnap-2023-08-17-08h39m50s796-300x169.png 300w, https:\/\/fliegerfreunde-westerwald.de\/wp-content\/uploads\/2023\/08\/vlcsnap-2023-08-17-08h39m50s796-768x432.png 768w, https:\/\/fliegerfreunde-westerwald.de\/wp-content\/uploads\/2023\/08\/vlcsnap-2023-08-17-08h39m50s796-1536x864.png 1536w, https:\/\/fliegerfreunde-westerwald.de\/wp-content\/uploads\/2023\/08\/vlcsnap-2023-08-17-08h39m50s796.png 1920w\" sizes=\"(max-width: 1024px) 100vw, 1024px\" \/><\/figure>\n\n\n\n<figure class=\"wp-block-image size-large\"><img decoding=\"async\" loading=\"lazy\" width=\"1024\" height=\"576\" data-id=\"311\" src=\"https:\/\/fliegerfreunde-westerwald.de\/wp-content\/uploads\/2023\/08\/vlcsnap-2023-08-17-08h39m40s512-1024x576.png\" alt=\"\" class=\"wp-image-311\" srcset=\"https:\/\/fliegerfreunde-westerwald.de\/wp-content\/uploads\/2023\/08\/vlcsnap-2023-08-17-08h39m40s512-1024x576.png 1024w, https:\/\/fliegerfreunde-westerwald.de\/wp-content\/uploads\/2023\/08\/vlcsnap-2023-08-17-08h39m40s512-300x169.png 300w, https:\/\/fliegerfreunde-westerwald.de\/wp-content\/uploads\/2023\/08\/vlcsnap-2023-08-17-08h39m40s512-768x432.png 768w, https:\/\/fliegerfreunde-westerwald.de\/wp-content\/uploads\/2023\/08\/vlcsnap-2023-08-17-08h39m40s512-1536x864.png 1536w, https:\/\/fliegerfreunde-westerwald.de\/wp-content\/uploads\/2023\/08\/vlcsnap-2023-08-17-08h39m40s512.png 1920w\" sizes=\"(max-width: 1024px) 100vw, 1024px\" \/><\/figure>\n\n\n\n<figure class=\"wp-block-image size-large\"><img decoding=\"async\" loading=\"lazy\" width=\"1024\" height=\"576\" data-id=\"305\" src=\"https:\/\/fliegerfreunde-westerwald.de\/wp-content\/uploads\/2023\/08\/vlcsnap-2023-08-23-11h01m22s672-1024x576.png\" alt=\"\" class=\"wp-image-305\" srcset=\"https:\/\/fliegerfreunde-westerwald.de\/wp-content\/uploads\/2023\/08\/vlcsnap-2023-08-23-11h01m22s672-1024x576.png 1024w, https:\/\/fliegerfreunde-westerwald.de\/wp-content\/uploads\/2023\/08\/vlcsnap-2023-08-23-11h01m22s672-300x169.png 300w, https:\/\/fliegerfreunde-westerwald.de\/wp-content\/uploads\/2023\/08\/vlcsnap-2023-08-23-11h01m22s672-768x432.png 768w, https:\/\/fliegerfreunde-westerwald.de\/wp-content\/uploads\/2023\/08\/vlcsnap-2023-08-23-11h01m22s672-1536x864.png 1536w, https:\/\/fliegerfreunde-westerwald.de\/wp-content\/uploads\/2023\/08\/vlcsnap-2023-08-23-11h01m22s672.png 1920w\" sizes=\"(max-width: 1024px) 100vw, 1024px\" \/><\/figure>\n<\/figure>\n","protected":false},"excerpt":{"rendered":"<p>Der Flugplatz Eudenbach \u00f6ffnete am 29. und 30. Juni 2019 wieder seine Tore f\u00fcr ein buntes Flugplatzfest, das Jung und Alt gleicherma\u00dfen begeisterte.<\/p>\n","protected":false},"author":1,"featured_media":306,"comment_status":"closed","ping_status":"closed","sticky":false,"template":"","format":"standard","meta":{"footnotes":""},"categories":[12],"tags":[],"_links":{"self":[{"href":"https:\/\/fliegerfreunde-westerwald.de\/index.php?rest_route=\/wp\/v2\/posts\/331"}],"collection":[{"href":"https:\/\/fliegerfreunde-westerwald.de\/index.php?rest_route=\/wp\/v2\/posts"}],"about":[{"href":"https:\/\/fliegerfreunde-westerwald.de\/index.php?rest_route=\/wp\/v2\/types\/post"}],"author":[{"embeddable":true,"href":"https:\/\/fliegerfreunde-westerwald.de\/index.php?rest_route=\/wp\/v2\/users\/1"}],"replies":[{"embeddable":true,"href":"https:\/\/fliegerfreunde-westerwald.de\/index.php?rest_route=%2Fwp%2Fv2%2Fcomments&post=331"}],"version-history":[{"count":5,"href":"https:\/\/fliegerfreunde-westerwald.de\/index.php?rest_route=\/wp\/v2\/posts\/331\/revisions"}],"predecessor-version":[{"id":418,"href":"https:\/\/fliegerfreunde-westerwald.de\/index.php?rest_route=\/wp\/v2\/posts\/331\/revisions\/418"}],"wp:featuredmedia":[{"embeddable":true,"href":"https:\/\/fliegerfreunde-westerwald.de\/index.php?rest_route=\/wp\/v2\/media\/306"}],"wp:attachment":[{"href":"https:\/\/fliegerfreunde-westerwald.de\/index.php?rest_route=%2Fwp%2Fv2%2Fmedia&parent=331"}],"wp:term":[{"taxonomy":"category","embeddable":true,"href":"https:\/\/fliegerfreunde-westerwald.de\/index.php?rest_route=%2Fwp%2Fv2%2Fcategories&post=331"},{"taxonomy":"post_tag","embeddable":true,"href":"https:\/\/fliegerfreunde-westerwald.de\/index.php?rest_route=%2Fwp%2Fv2%2Ftags&post=331"}],"curies":[{"name":"wp","href":"https:\/\/api.w.org\/{rel}","templated":true}]}}